{"id":3443,"date":"2023-11-11T18:46:32","date_gmt":"2023-11-11T16:46:32","guid":{"rendered":"https:\/\/kirjalitta.fi\/kirjalitta\/?p=3443"},"modified":"2023-11-14T19:36:40","modified_gmt":"2023-11-14T17:36:40","slug":"aforismileikki-kirjoituskilpailun-voittajat","status":"publish","type":"post","link":"https:\/\/kirjalitta.fi\/kirjalitta\/2023\/11\/11\/aforismileikki-kirjoituskilpailun-voittajat\/","title":{"rendered":"Aforismileikki-kirjoituskilpailun voittajat"},"content":{"rendered":"\n<div class=\"wp-block-columns is-layout-flex wp-container-core-columns-is-layout-1 wp-block-columns-is-layout-flex\">\n<div class=\"wp-block-column is-layout-flow wp-block-column-is-layout-flow\" style=\"flex-basis:100%\"><div class=\"wp-block-image\">\n<figure class=\"alignright size-large is-resized\"><a href=\"https:\/\/kirjalitta.fi\/kirjalitta\/wp-content\/uploads\/2023\/11\/Aforismileikki-artikkelikuva-2.png\"><img loading=\"lazy\" decoding=\"async\" width=\"1024\" height=\"724\" src=\"https:\/\/kirjalitta.fi\/kirjalitta\/wp-content\/uploads\/2023\/11\/Aforismileikki-artikkelikuva-2-1024x724.png\" alt=\"\" class=\"wp-image-3467\" style=\"aspect-ratio:1.4143646408839778;width:402px;height:auto\" srcset=\"https:\/\/kirjalitta.fi\/kirjalitta\/wp-content\/uploads\/2023\/11\/Aforismileikki-artikkelikuva-2-1024x724.png 1024w, https:\/\/kirjalitta.fi\/kirjalitta\/wp-content\/uploads\/2023\/11\/Aforismileikki-artikkelikuva-2-300x212.png 300w, https:\/\/kirjalitta.fi\/kirjalitta\/wp-content\/uploads\/2023\/11\/Aforismileikki-artikkelikuva-2-768x543.png 768w, https:\/\/kirjalitta.fi\/kirjalitta\/wp-content\/uploads\/2023\/11\/Aforismileikki-artikkelikuva-2-1536x1086.png 1536w, https:\/\/kirjalitta.fi\/kirjalitta\/wp-content\/uploads\/2023\/11\/Aforismileikki-artikkelikuva-2-2048x1448.png 2048w\" sizes=\"auto, (max-width: 1024px) 100vw, 1024px\" \/><\/a><\/figure><\/div>\n\n\n<p>Lastenkirja- ja sanataidefestivaali Kirjalitta j\u00e4rjesti syksyll\u00e4 2023 Aforismileikki-kirjoituskilpailun tamperelaisille 3.-luokkalaisille oppilaille. Teht\u00e4v\u00e4n\u00e4 oli lyhyen aforismin eli mietelauseen kirjoittaminen aiheesta \u201dleikki\u201d.<\/p>\n\n\n\n<p>Kilpailun raati vastaanotti yhteens\u00e4 40 kappaletta hauskoja, leikillisi\u00e4 ja mielikuvituksellisia aforismeja yhteens\u00e4 viidest\u00e4 eri tamperelaisesta koulusta.<\/p>\n\n\n\n<p>Kilpailuun osallistuneiden tekstien joukosta valittiin t\u00e4n\u00e4 vuonna viisi voittajateksti\u00e4, jotka ovat nyt esill\u00e4 Tampereen keskusta-alueen Abribus-valomainostauluissa ajalla 6.\u201319.11.2023.<\/p>\n<\/div>\n<\/div>\n\n\n\n<p>Palkintotilaisuus pidettiin lauantaina 11.11. Monitoimitalo 13:ssa Kirjalitan p\u00e4\u00e4tapahtumassa: hurmaavien kirjojen, kirmaavien hurjien, ty\u00f6pajap\u00e4iv\u00e4ss\u00e4.<\/p>\n\n\n\n<p>Voittajatekstit on valinnut ensin esiraati, johon kuuluivat&nbsp;<strong>Minttu Tervaharju<\/strong> ja <strong>Simo Nieminen<\/strong>&nbsp;Sanataideyhdistys Y\u00f6st\u00e4j\u00e4st\u00e4 sek\u00e4&nbsp;<strong>Oona Masar&nbsp;<\/strong>Lastenkirjainstituutilta. Lopulliset voittajat valitsivat <strong>sanataidekoulun nuoret<\/strong>. Valinnoissaan raati kiinnitti huomiota erityisesti aforismin leikillisyyteen, kekseli\u00e4isyyteen, omaper\u00e4isyyteen sek\u00e4 mielikuvituksellisuuteen.<\/p>\n\n\n\n<h5 class=\"wp-block-heading has-text-align-center\">Viisi parasta aforismia kirjoittivat:<br><\/h5>\n\n\n\n<p class=\"has-text-align-center\">Enni Hautanen, 9 vuotta<br>Netta Huttu, 9 vuotta<br>Lyydia Laine, 9 vuotta<br>Silja Leivo, 9 vuotta<br>Elli Nieminen, 8 vuotta<\/p>\n\n\n\n<p class=\"has-text-align-center\"><strong>Onnea voittajille!<\/strong><\/p>\n\n\n\n<h5 class=\"wp-block-heading has-text-align-center\">Tutustu voittajateksteihin:<\/h5>\n\n\n\n<div class=\"wp-block-group\"><div class=\"wp-block-group__inner-container is-layout-constrained wp-block-group-is-layout-constrained\">\n<div class=\"wp-block-columns is-layout-flex wp-container-core-columns-is-layout-2 wp-block-columns-is-layout-flex\">\n<div class=\"wp-block-column is-vertically-aligned-top is-layout-flow wp-block-column-is-layout-flow\" style=\"flex-basis:100%\">\n<figure class=\"wp-block-gallery has-nested-images columns-default is-cropped wp-block-gallery-1 is-layout-flex wp-block-gallery-is-layout-flex\">\n<figure class=\"wp-block-image size-large\"><a href=\"https:\/\/kirjalitta.fi\/kirjalitta\/wp-content\/uploads\/2023\/11\/Kirjalitta_2023_Abribus_Hautanen-kopio-Suuri.jpeg\"><img loading=\"lazy\" decoding=\"async\" width=\"698\" height=\"1024\" src=\"https:\/\/kirjalitta.fi\/kirjalitta\/wp-content\/uploads\/2023\/11\/Kirjalitta_2023_Abribus_Hautanen-kopio-Suuri-698x1024.jpeg\" alt=\"\" class=\"wp-image-3456\" srcset=\"https:\/\/kirjalitta.fi\/kirjalitta\/wp-content\/uploads\/2023\/11\/Kirjalitta_2023_Abribus_Hautanen-kopio-Suuri-698x1024.jpeg 698w, https:\/\/kirjalitta.fi\/kirjalitta\/wp-content\/uploads\/2023\/11\/Kirjalitta_2023_Abribus_Hautanen-kopio-Suuri-204x300.jpeg 204w, https:\/\/kirjalitta.fi\/kirjalitta\/wp-content\/uploads\/2023\/11\/Kirjalitta_2023_Abribus_Hautanen-kopio-Suuri-768x1127.jpeg 768w, https:\/\/kirjalitta.fi\/kirjalitta\/wp-content\/uploads\/2023\/11\/Kirjalitta_2023_Abribus_Hautanen-kopio-Suuri.jpeg 872w\" sizes=\"auto, (max-width: 698px) 100vw, 698px\" \/><\/a><\/figure>\n\n\n\n<figure class=\"wp-block-image size-large\"><a href=\"https:\/\/kirjalitta.fi\/kirjalitta\/wp-content\/uploads\/2023\/11\/Kirjalitta_2023_Abribus_Huttu-Suuri.jpeg\"><img loading=\"lazy\" decoding=\"async\" width=\"698\" height=\"1024\" src=\"https:\/\/kirjalitta.fi\/kirjalitta\/wp-content\/uploads\/2023\/11\/Kirjalitta_2023_Abribus_Huttu-Suuri-698x1024.jpeg\" alt=\"\" class=\"wp-image-3457\" srcset=\"https:\/\/kirjalitta.fi\/kirjalitta\/wp-content\/uploads\/2023\/11\/Kirjalitta_2023_Abribus_Huttu-Suuri-698x1024.jpeg 698w, https:\/\/kirjalitta.fi\/kirjalitta\/wp-content\/uploads\/2023\/11\/Kirjalitta_2023_Abribus_Huttu-Suuri-204x300.jpeg 204w, https:\/\/kirjalitta.fi\/kirjalitta\/wp-content\/uploads\/2023\/11\/Kirjalitta_2023_Abribus_Huttu-Suuri-768x1127.jpeg 768w, https:\/\/kirjalitta.fi\/kirjalitta\/wp-content\/uploads\/2023\/11\/Kirjalitta_2023_Abribus_Huttu-Suuri.jpeg 872w\" sizes=\"auto, (max-width: 698px) 100vw, 698px\" \/><\/a><\/figure>\n<\/figure>\n<\/div>\n<\/div>\n<\/div><\/div>\n\n\n\n<figure class=\"wp-block-gallery has-nested-images columns-default is-cropped wp-block-gallery-2 is-layout-flex wp-block-gallery-is-layout-flex\">\n<figure class=\"wp-block-image size-large\"><a href=\"https:\/\/kirjalitta.fi\/kirjalitta\/wp-content\/uploads\/2023\/11\/Kirjalitta_2023_Abribus_Laine-Suuri.jpeg\"><img loading=\"lazy\" decoding=\"async\" width=\"698\" height=\"1024\" data-id=\"3458\" src=\"https:\/\/kirjalitta.fi\/kirjalitta\/wp-content\/uploads\/2023\/11\/Kirjalitta_2023_Abribus_Laine-Suuri-698x1024.jpeg\" alt=\"\" class=\"wp-image-3458\" srcset=\"https:\/\/kirjalitta.fi\/kirjalitta\/wp-content\/uploads\/2023\/11\/Kirjalitta_2023_Abribus_Laine-Suuri-698x1024.jpeg 698w, https:\/\/kirjalitta.fi\/kirjalitta\/wp-content\/uploads\/2023\/11\/Kirjalitta_2023_Abribus_Laine-Suuri-204x300.jpeg 204w, https:\/\/kirjalitta.fi\/kirjalitta\/wp-content\/uploads\/2023\/11\/Kirjalitta_2023_Abribus_Laine-Suuri-768x1127.jpeg 768w, https:\/\/kirjalitta.fi\/kirjalitta\/wp-content\/uploads\/2023\/11\/Kirjalitta_2023_Abribus_Laine-Suuri.jpeg 872w\" sizes=\"auto, (max-width: 698px) 100vw, 698px\" \/><\/a><\/figure>\n\n\n\n<figure class=\"wp-block-image size-large\"><a href=\"https:\/\/kirjalitta.fi\/kirjalitta\/wp-content\/uploads\/2023\/11\/Kirjalitta_2023_Abribus_Leivo-Suuri.jpeg\"><img loading=\"lazy\" decoding=\"async\" width=\"698\" height=\"1024\" data-id=\"3459\" src=\"https:\/\/kirjalitta.fi\/kirjalitta\/wp-content\/uploads\/2023\/11\/Kirjalitta_2023_Abribus_Leivo-Suuri-698x1024.jpeg\" alt=\"\" class=\"wp-image-3459\" srcset=\"https:\/\/kirjalitta.fi\/kirjalitta\/wp-content\/uploads\/2023\/11\/Kirjalitta_2023_Abribus_Leivo-Suuri-698x1024.jpeg 698w, https:\/\/kirjalitta.fi\/kirjalitta\/wp-content\/uploads\/2023\/11\/Kirjalitta_2023_Abribus_Leivo-Suuri-204x300.jpeg 204w, https:\/\/kirjalitta.fi\/kirjalitta\/wp-content\/uploads\/2023\/11\/Kirjalitta_2023_Abribus_Leivo-Suuri-768x1127.jpeg 768w, https:\/\/kirjalitta.fi\/kirjalitta\/wp-content\/uploads\/2023\/11\/Kirjalitta_2023_Abribus_Leivo-Suuri.jpeg 872w\" sizes=\"auto, (max-width: 698px) 100vw, 698px\" \/><\/a><\/figure>\n<\/figure>\n\n\n\n<p><\/p>\n\n\n\n<figure class=\"wp-block-image size-large is-resized\"><a href=\"https:\/\/kirjalitta.fi\/kirjalitta\/wp-content\/uploads\/2023\/11\/Kirjalitta_2023_Abribus_Nieminen-Suuri.jpeg\"><img loading=\"lazy\" decoding=\"async\" width=\"698\" height=\"1024\" src=\"https:\/\/kirjalitta.fi\/kirjalitta\/wp-content\/uploads\/2023\/11\/Kirjalitta_2023_Abribus_Nieminen-Suuri-698x1024.jpeg\" alt=\"\" class=\"wp-image-3460\" style=\"aspect-ratio:0.681640625;width:387px;height:auto\" srcset=\"https:\/\/kirjalitta.fi\/kirjalitta\/wp-content\/uploads\/2023\/11\/Kirjalitta_2023_Abribus_Nieminen-Suuri-698x1024.jpeg 698w, https:\/\/kirjalitta.fi\/kirjalitta\/wp-content\/uploads\/2023\/11\/Kirjalitta_2023_Abribus_Nieminen-Suuri-204x300.jpeg 204w, https:\/\/kirjalitta.fi\/kirjalitta\/wp-content\/uploads\/2023\/11\/Kirjalitta_2023_Abribus_Nieminen-Suuri-768x1127.jpeg 768w, https:\/\/kirjalitta.fi\/kirjalitta\/wp-content\/uploads\/2023\/11\/Kirjalitta_2023_Abribus_Nieminen-Suuri.jpeg 872w\" sizes=\"auto, (max-width: 698px) 100vw, 698px\" \/><\/a><\/figure>\n","protected":false},"excerpt":{"rendered":"<p>Lastenkirja- ja sanataidefestivaali Kirjalitta j\u00e4rjesti syksyll\u00e4 2023 Aforismileikki-kirjoituskilpailun tamperelaisille 3.-luokkalaisille oppilaille. Teht\u00e4v\u00e4n\u00e4 oli lyhyen aforismin eli mietelauseen kirjoittaminen aiheesta \u201dleikki\u201d. Kilpailun raati vastaanotti yhteens\u00e4 40 kappaletta hauskoja, leikillisi\u00e4 ja mielikuvituksellisia aforismeja yhteens\u00e4 viidest\u00e4 eri tamperelaisesta koulusta. Kilpailuun osallistuneiden tekstien joukosta valittiin t\u00e4n\u00e4 vuonna viisi voittajateksti\u00e4, jotka ovat nyt esill\u00e4 Tampereen [&hellip;]<\/p>\n","protected":false},"author":1,"featured_media":3467,"comment_status":"closed","ping_status":"closed","sticky":false,"template":"","format":"standard","meta":{"_themeisle_gutenberg_block_has_review":false,"footnotes":""},"categories":[3],"tags":[],"class_list":["post-3443","post","type-post","status-publish","format-standard","has-post-thumbnail","hentry","category-kirjalitta"],"_links":{"self":[{"href":"https:\/\/kirjalitta.fi\/kirjalitta\/wp-json\/wp\/v2\/posts\/3443","targetHints":{"allow":["GET"]}}],"collection":[{"href":"https:\/\/kirjalitta.fi\/kirjalitta\/wp-json\/wp\/v2\/posts"}],"about":[{"href":"https:\/\/kirjalitta.fi\/kirjalitta\/wp-json\/wp\/v2\/types\/post"}],"author":[{"embeddable":true,"href":"https:\/\/kirjalitta.fi\/kirjalitta\/wp-json\/wp\/v2\/users\/1"}],"replies":[{"embeddable":true,"href":"https:\/\/kirjalitta.fi\/kirjalitta\/wp-json\/wp\/v2\/comments?post=3443"}],"version-history":[{"count":14,"href":"https:\/\/kirjalitta.fi\/kirjalitta\/wp-json\/wp\/v2\/posts\/3443\/revisions"}],"predecessor-version":[{"id":3475,"href":"https:\/\/kirjalitta.fi\/kirjalitta\/wp-json\/wp\/v2\/posts\/3443\/revisions\/3475"}],"wp:featuredmedia":[{"embeddable":true,"href":"https:\/\/kirjalitta.fi\/kirjalitta\/wp-json\/wp\/v2\/media\/3467"}],"wp:attachment":[{"href":"https:\/\/kirjalitta.fi\/kirjalitta\/wp-json\/wp\/v2\/media?parent=3443"}],"wp:term":[{"taxonomy":"category","embeddable":true,"href":"https:\/\/kirjalitta.fi\/kirjalitta\/wp-json\/wp\/v2\/categories?post=3443"},{"taxonomy":"post_tag","embeddable":true,"href":"https:\/\/kirjalitta.fi\/kirjalitta\/wp-json\/wp\/v2\/tags?post=3443"}],"curies":[{"name":"wp","href":"https:\/\/api.w.org\/{rel}","templated":true}]}}